{"id":243,"date":"2023-12-11T16:57:46","date_gmt":"2023-12-11T15:57:46","guid":{"rendered":"https:\/\/pmcc.wf\/?p=243"},"modified":"2024-08-12T15:10:51","modified_gmt":"2024-08-12T13:10:51","slug":"richesses-de-la-faune-et-de-la-flore-du-cap-corse","status":"publish","type":"post","link":"https:\/\/pmcc.wf\/index.php\/2023\/12\/11\/richesses-de-la-faune-et-de-la-flore-du-cap-corse\/","title":{"rendered":"Richesses de la faune et de la flore du Cap Corse : l&rsquo;Axinelle"},"content":{"rendered":"\n<p><\/p>\n\n\n\n<p>Vue&nbsp; cet \u00e9t\u00e9 dans l&rsquo;anse de l&rsquo;\u00eelot Capense, reposant&nbsp; \u00e0 7\/8 m sur le fond, une esp\u00e8ce d&rsquo;arbrisseau ressemblant&nbsp;\u00e0 un petit&nbsp; arbre&nbsp;mort&nbsp;qui paraissait&nbsp;&nbsp;avoir \u00e9t\u00e9 arrach\u00e9&nbsp; (? )  .<\/p>\n\n\n\n<div class=\"wp-block-columns is-layout-flex wp-container-core-columns-is-layout-9d6595d7 wp-block-columns-is-layout-flex\">\n<div class=\"wp-block-column is-layout-flow wp-block-column-is-layout-flow\">\n<p><img decoding=\"async\" src=\"https:\/\/pmcc.wf\/wp-content\/uploads\/2023\/12\/image-8.png\" alt=\"L\u2019attribut alt de cette image est vide, son nom de fichier est image-8.png.\"><\/p>\n<\/div>\n\n\n\n<div class=\"wp-block-column is-layout-flow wp-block-column-is-layout-flow\"><div class=\"wp-block-image\">\n<figure class=\"alignright size-full is-resized\"><img loading=\"lazy\" decoding=\"async\" width=\"330\" height=\"453\" src=\"https:\/\/pmcc.wf\/wp-content\/uploads\/2023\/12\/image-15.png\" alt=\"\" class=\"wp-image-334\" style=\"width:299px;height:auto\" srcset=\"https:\/\/pmcc.wf\/wp-content\/uploads\/2023\/12\/image-15.png 330w, https:\/\/pmcc.wf\/wp-content\/uploads\/2023\/12\/image-15-219x300.png 219w\" sizes=\"auto, (max-width: 330px) 100vw, 330px\" \/><\/figure>\n<\/div><\/div>\n<\/div>\n\n\n\n<p>Cet \u00ab\u00a0arbrisseau\u00a0\u00bb, bien que tr\u00e8s pr\u00e9sent&nbsp;en M\u00e9diterran\u00e9e,&nbsp; est peu connu.<\/p>\n\n\n\n<p>Il s&rsquo;agit de l&rsquo;AXINELLE,&nbsp;<strong> UNE&nbsp;\u00c9PONGE&nbsp;<\/strong>!&nbsp;<\/p>\n\n\n\n<p>*Pouvant mesurer jusqu&rsquo;\u00e0 1 m&nbsp; ,&nbsp;<\/p>\n\n\n\n<p>*vivant jusqu&rsquo;\u00e0 &#8211; 100 m ,&nbsp;<\/p>\n\n\n\n<p>*avec&nbsp; un record de long\u00e9vit\u00e9 ( certaines peuvent vivre 11 00 ans !!!!!! )<\/p>\n\n\n\n<p>*elles&nbsp;sont hermaphrodites, chaque adulte peut agir comme une femelle ou un m\u00e2le lors de la reproduction. &nbsp;<\/p>\n\n\n\n<p><em>Axinella polypoides<\/em>&nbsp;peut se reproduire de mani\u00e8re sexu\u00e9e ou asexu\u00e9e<\/p>\n\n\n\n<p>Ce taxon est prot\u00e9g\u00e9 et soumis \u00e0 r\u00e9glementation internationale car cette esp\u00e8ce est inscrite,  comme<strong> esp\u00e8ce en danger ou menac\u00e9e<\/strong>, \u00e0 l&rsquo;annexe II de la&nbsp;<a href=\"https:\/\/fr.wikipedia.org\/wiki\/Convention_de_Barcelone\" target=\"_blank\" rel=\"noreferrer noopener\">convention de Barcelone<\/a>&nbsp;<\/p>\n\n\n\n<p>En France,&nbsp;<em>Axinella polypoides<\/em>&nbsp;fait partie <strong>des esp\u00e8ces prot\u00e9g\u00e9es<\/strong> par le d\u00e9cret du 7 juillet 1999.<\/p>\n\n\n\n<p>POUR LES CURIEUX :&nbsp;<a href=\"http:\/\/souslesmers.free.fr\/f.php?e=158\" target=\"_blank\" rel=\"noreferrer noopener\">http:\/\/souslesmers.free.fr\/f.php?e=158B<\/a><strong> )<\/strong><\/p>\n\n\n\n<div class=\"wp-block-columns is-layout-flex wp-container-core-columns-is-layout-9d6595d7 wp-block-columns-is-layout-flex\">\n<div class=\"wp-block-column is-layout-flow wp-block-column-is-layout-flow\"><\/div>\n\n\n\n<div class=\"wp-block-column is-layout-flow wp-block-column-is-layout-flow\"><\/div>\n\n\n\n<div class=\"wp-block-column is-layout-flow wp-block-column-is-layout-flow\">\n<div class=\"wp-block-buttons is-layout-flex wp-block-buttons-is-layout-flex\">\n<div class=\"wp-block-button\"><a class=\"wp-block-button__link wp-element-button\" href=\"https:\/\/pmcc.wf\">Retour<\/a><\/div>\n<\/div>\n<\/div>\n<\/div>\n","protected":false},"excerpt":{"rendered":"<p>Vue&nbsp; cet \u00e9t\u00e9 dans l&rsquo;anse de l&rsquo;\u00eelot Capense, reposant&nbsp; \u00e0 7\/8 m sur le fond, une esp\u00e8ce d&rsquo;arbrisseau ressemblant&nbsp;\u00e0 un petit&nbsp; arbre&nbsp;mort&nbsp;qui paraissait&nbsp;&nbsp;avoir \u00e9t\u00e9 arrach\u00e9&nbsp; (? ) . Cet \u00ab\u00a0arbrisseau\u00a0\u00bb, bien que tr\u00e8s pr\u00e9sent&nbsp;en M\u00e9diterran\u00e9e,&nbsp; est peu connu. Il s&rsquo;agit de l&rsquo;AXINELLE,&nbsp; UNE&nbsp;\u00c9PONGE&nbsp;!&nbsp; *Pouvant mesurer jusqu&rsquo;\u00e0 1 m&nbsp; ,&nbsp; *vivant jusqu&rsquo;\u00e0 &#8211; 100 m ,&nbsp; [&hellip;]<\/p>\n","protected":false},"author":2,"featured_media":0,"comment_status":"closed","ping_status":"closed","sticky":false,"template":"","format":"standard","meta":{"footnotes":""},"categories":[1],"tags":[],"class_list":["post-243","post","type-post","status-publish","format-standard","hentry","category-non-classe"],"_links":{"self":[{"href":"https:\/\/pmcc.wf\/index.php\/wp-json\/wp\/v2\/posts\/243","targetHints":{"allow":["GET"]}}],"collection":[{"href":"https:\/\/pmcc.wf\/index.php\/wp-json\/wp\/v2\/posts"}],"about":[{"href":"https:\/\/pmcc.wf\/index.php\/wp-json\/wp\/v2\/types\/post"}],"author":[{"embeddable":true,"href":"https:\/\/pmcc.wf\/index.php\/wp-json\/wp\/v2\/users\/2"}],"replies":[{"embeddable":true,"href":"https:\/\/pmcc.wf\/index.php\/wp-json\/wp\/v2\/comments?post=243"}],"version-history":[{"count":6,"href":"https:\/\/pmcc.wf\/index.php\/wp-json\/wp\/v2\/posts\/243\/revisions"}],"predecessor-version":[{"id":353,"href":"https:\/\/pmcc.wf\/index.php\/wp-json\/wp\/v2\/posts\/243\/revisions\/353"}],"wp:attachment":[{"href":"https:\/\/pmcc.wf\/index.php\/wp-json\/wp\/v2\/media?parent=243"}],"wp:term":[{"taxonomy":"category","embeddable":true,"href":"https:\/\/pmcc.wf\/index.php\/wp-json\/wp\/v2\/categories?post=243"},{"taxonomy":"post_tag","embeddable":true,"href":"https:\/\/pmcc.wf\/index.php\/wp-json\/wp\/v2\/tags?post=243"}],"curies":[{"name":"wp","href":"https:\/\/api.w.org\/{rel}","templated":true}]}}